{"id":125,"date":"2025-12-03T19:54:57","date_gmt":"2025-12-03T19:54:57","guid":{"rendered":"https:\/\/www.vifer.com.br\/blog\/?p=125"},"modified":"2025-12-03T20:06:37","modified_gmt":"2025-12-03T20:06:37","slug":"fita-de-aluminio-para-isolamento-termico-como-funciona-e-quando-usar","status":"publish","type":"post","link":"https:\/\/www.vifer.com.br\/blog\/fita-de-aluminio-para-isolamento-termico-como-funciona-e-quando-usar\/","title":{"rendered":"Fita de alum\u00ednio para isolamento t\u00e9rmico: como funciona e quando usar"},"content":{"rendered":"<span class=\"span-reading-time rt-reading-time\" style=\"display: block;\"><span class=\"rt-label rt-prefix\">Reading Time: <\/span> <span class=\"rt-time\"> 4<\/span> <span class=\"rt-label rt-postfix\">minutes<\/span><\/span>\n<p class=\"has-medium-font-size\"><strong><em><strong><em>Entenda por que a fixa\u00e7\u00e3o mec\u00e2nica com fita de alum\u00ednio \u00e9 o m\u00e9todo mais seguro e dur\u00e1vel para prender mantas t\u00e9rmicas e jacketing em dutos industriais \u2014 e como a VIFER oferece a solu\u00e7\u00e3o completa para esse tipo de aplica\u00e7\u00e3o.<\/em><\/strong><\/em><\/strong><\/p>\n\n\n\n<div id=\"ez-toc-container\" class=\"ez-toc-v2_0_81 counter-hierarchy ez-toc-counter ez-toc-grey ez-toc-container-direction\">\n<div class=\"ez-toc-title-container\">\n<p class=\"ez-toc-title\" style=\"cursor:inherit\">O que abordaremos neste artigo:<\/p>\n<span class=\"ez-toc-title-toggle\"><a href=\"#\" class=\"ez-toc-pull-right ez-toc-btn ez-toc-btn-xs ez-toc-btn-default ez-toc-toggle\" aria-label=\"Alternar tabela de conte\u00fado\"><span class=\"ez-toc-js-icon-con\"><span class=\"\"><span class=\"eztoc-hide\" style=\"display:none;\">Toggle<\/span><span class=\"ez-toc-icon-toggle-span\"><svg style=\"fill: #999;color:#999\" xmlns=\"http:\/\/www.w3.org\/2000\/svg\" class=\"list-377408\" width=\"20px\" height=\"20px\" viewBox=\"0 0 24 24\" fill=\"none\"><path d=\"M6 6H4v2h2V6zm14 0H8v2h12V6zM4 11h2v2H4v-2zm16 0H8v2h12v-2zM4 16h2v2H4v-2zm16 0H8v2h12v-2z\" fill=\"currentColor\"><\/path><\/svg><svg style=\"fill: #999;color:#999\" class=\"arrow-unsorted-368013\" xmlns=\"http:\/\/www.w3.org\/2000\/svg\" width=\"10px\" height=\"10px\" viewBox=\"0 0 24 24\" version=\"1.2\" baseProfile=\"tiny\"><path d=\"M18.2 9.3l-6.2-6.3-6.2 6.3c-.2.2-.3.4-.3.7s.1.5.3.7c.2.2.4.3.7.3h11c.3 0 .5-.1.7-.3.2-.2.3-.5.3-.7s-.1-.5-.3-.7zM5.8 14.7l6.2 6.3 6.2-6.3c.2-.2.3-.5.3-.7s-.1-.5-.3-.7c-.2-.2-.4-.3-.7-.3h-11c-.3 0-.5.1-.7.3-.2.2-.3.5-.3.7s.1.5.3.7z\"\/><\/svg><\/span><\/span><\/span><\/a><\/span><\/div>\n<nav><ul class='ez-toc-list ez-toc-list-level-1 ' ><li class='ez-toc-page-1 ez-toc-heading-level-2'><a class=\"ez-toc-link ez-toc-heading-1\" href=\"https:\/\/www.vifer.com.br\/blog\/fita-de-aluminio-para-isolamento-termico-como-funciona-e-quando-usar\/#Por_que_a_fixacao_e_tao_importante_no_isolamento_termico\" >Por que a fixa\u00e7\u00e3o \u00e9 t\u00e3o importante no isolamento t\u00e9rmico<\/a><\/li><li class='ez-toc-page-1 ez-toc-heading-level-2'><a class=\"ez-toc-link ez-toc-heading-2\" href=\"https:\/\/www.vifer.com.br\/blog\/fita-de-aluminio-para-isolamento-termico-como-funciona-e-quando-usar\/#O_que_realmente_e_a_Fita_de_Aluminio_para_Arqueamento\" >O que realmente \u00e9 a Fita de Alum\u00ednio para Arqueamento<\/a><\/li><li class='ez-toc-page-1 ez-toc-heading-level-2'><a class=\"ez-toc-link ez-toc-heading-3\" href=\"https:\/\/www.vifer.com.br\/blog\/fita-de-aluminio-para-isolamento-termico-como-funciona-e-quando-usar\/#Por_que_a_fita_adesiva_nao_fixa_mantas_em_dutos_industriais\" >Por que a fita adesiva n\u00e3o fixa mantas em dutos industriais<\/a><\/li><li class='ez-toc-page-1 ez-toc-heading-level-2'><a class=\"ez-toc-link ez-toc-heading-4\" href=\"https:\/\/www.vifer.com.br\/blog\/fita-de-aluminio-para-isolamento-termico-como-funciona-e-quando-usar\/#A_solucao_completa_de_fixacao_da_VIFER\" >A solu\u00e7\u00e3o completa de fixa\u00e7\u00e3o da VIFER<\/a><\/li><li class='ez-toc-page-1 ez-toc-heading-level-2'><a class=\"ez-toc-link ez-toc-heading-5\" href=\"https:\/\/www.vifer.com.br\/blog\/fita-de-aluminio-para-isolamento-termico-como-funciona-e-quando-usar\/#Como_funciona_a_aplicacao_na_pratica\" >Como funciona a aplica\u00e7\u00e3o na pr\u00e1tica<\/a><\/li><li class='ez-toc-page-1 ez-toc-heading-level-2'><a class=\"ez-toc-link ez-toc-heading-6\" href=\"https:\/\/www.vifer.com.br\/blog\/fita-de-aluminio-para-isolamento-termico-como-funciona-e-quando-usar\/#Quais_sao_as_opcoes_do_mercado_%E2%80%94_e_qual_delas_funciona_de_fato\" >Quais s\u00e3o as op\u00e7\u00f5es do mercado \u2014 e qual delas funciona de fato<\/a><\/li><li class='ez-toc-page-1 ez-toc-heading-level-2'><a class=\"ez-toc-link ez-toc-heading-7\" href=\"https:\/\/www.vifer.com.br\/blog\/fita-de-aluminio-para-isolamento-termico-como-funciona-e-quando-usar\/#Por_que_o_sistema_da_VIFER_funciona_tao_bem\" >Por que o sistema da VIFER funciona t\u00e3o bem<\/a><\/li><li class='ez-toc-page-1 ez-toc-heading-level-2'><a class=\"ez-toc-link ez-toc-heading-8\" href=\"https:\/\/www.vifer.com.br\/blog\/fita-de-aluminio-para-isolamento-termico-como-funciona-e-quando-usar\/#Um_cenario_real_que_a_solucao_resolve\" >Um cen\u00e1rio real que a solu\u00e7\u00e3o resolve<\/a><\/li><li class='ez-toc-page-1 ez-toc-heading-level-2'><a class=\"ez-toc-link ez-toc-heading-9\" href=\"https:\/\/www.vifer.com.br\/blog\/fita-de-aluminio-para-isolamento-termico-como-funciona-e-quando-usar\/#A_VIFER_como_referencia_nacional_em_arqueacao_e_isolamento\" >A VIFER como refer\u00eancia nacional em arquea\u00e7\u00e3o e isolamento<\/a><\/li><li class='ez-toc-page-1 ez-toc-heading-level-2'><a class=\"ez-toc-link ez-toc-heading-10\" href=\"https:\/\/www.vifer.com.br\/blog\/fita-de-aluminio-para-isolamento-termico-como-funciona-e-quando-usar\/#Conclusao_quando_o_isolamento_nao_pode_falhar\" >Conclus\u00e3o: quando o isolamento n\u00e3o pode falhar<\/a><\/li><\/ul><\/nav><\/div>\n<h2 class=\"wp-block-heading\"><span class=\"ez-toc-section\" id=\"Por_que_a_fixacao_e_tao_importante_no_isolamento_termico\"><\/span><strong>Por que a fixa\u00e7\u00e3o \u00e9 t\u00e3o importante no isolamento t\u00e9rmico<\/strong><span class=\"ez-toc-section-end\"><\/span><\/h2>\n\n\n<div class=\"wp-block-image\">\n<figure class=\"alignright size-full is-resized\"><img loading=\"lazy\" decoding=\"async\" width=\"500\" height=\"500\" src=\"https:\/\/www.vifer.com.br\/blog\/wp-content\/uploads\/2025\/12\/fita-aluminio-1.webp\" alt=\"\" class=\"wp-image-127\" style=\"width:337px;height:auto\" srcset=\"https:\/\/www.vifer.com.br\/blog\/wp-content\/uploads\/2025\/12\/fita-aluminio-1.webp 500w, https:\/\/www.vifer.com.br\/blog\/wp-content\/uploads\/2025\/12\/fita-aluminio-1-300x300.webp 300w, https:\/\/www.vifer.com.br\/blog\/wp-content\/uploads\/2025\/12\/fita-aluminio-1-150x150.webp 150w\" sizes=\"auto, (max-width: 500px) 100vw, 500px\" \/><\/figure><\/div>\n\n\n<p>Profissionais que atuam em HVAC, exaust\u00e3o, refrigera\u00e7\u00e3o industrial ou tubula\u00e7\u00f5es expostas conhecem um problema recorrente: o isolamento t\u00e9rmico simplesmente n\u00e3o funciona quando o material isolante n\u00e3o est\u00e1 bem fixado. <\/p>\n\n\n\n<p>\u00c9 comum encontrar, depois de alguns meses de opera\u00e7\u00e3o, mantas escorregando, trechos descobertos, queda na efici\u00eancia t\u00e9rmica e aumento no consumo de energia. Na pr\u00e1tica, isso significa retrabalho, desperd\u00edcio e preju\u00edzo.<\/p>\n\n\n\n<p>Este artigo apresenta a solu\u00e7\u00e3o que realmente funciona nesse tipo de ambiente \u2014 e explica como a VIFER se tornou refer\u00eancia no fornecimento desse sistema.<\/p>\n\n\n\n<ul class=\"wp-block-list\">\n<li><a href=\"https:\/\/www.vifer.com.br\/blog\/conheca-a-vifer-fabricante-de-selos-metalicos\/\">Conhe\u00e7a a Vifer: fabricante de selos met\u00e1licos<\/a><\/li>\n<\/ul>\n\n\n\n<h2 class=\"wp-block-heading\"><span class=\"ez-toc-section\" id=\"O_que_realmente_e_a_Fita_de_Aluminio_para_Arqueamento\"><\/span><strong><strong>O que realmente \u00e9 a Fita de Alum\u00ednio para Arqueamento<\/strong><\/strong><span class=\"ez-toc-section-end\"><\/span><\/h2>\n\n\n\n<p>Antes de avan\u00e7ar, \u00e9 essencial esclarecer a diferen\u00e7a entre os produtos. N\u00e3o estamos falando da fita aluminizada adesiva, utilizada para acabamento e veda\u00e7\u00e3o superficial. Ela tem seu papel, mas n\u00e3o foi projetada para fixa\u00e7\u00e3o estrutural.<\/p>\n\n\n\n<p>A Fita de Alum\u00ednio para Arqueamento \u00e9 outra categoria de produto: uma cinta met\u00e1lica n\u00e3o adesiva, resistente, tensionavel e projetada justamente para envolver o isolante t\u00e9rmico \u2014 com ou sem jacketing met\u00e1lico \u2014 e formar um anel firme ao redor do duto. Esse \u00e9 o conceito de <em>banding<\/em> adotado internacionalmente em instala\u00e7\u00f5es industriais.<\/p>\n\n\n\n<h2 class=\"wp-block-heading\"><span class=\"ez-toc-section\" id=\"Por_que_a_fita_adesiva_nao_fixa_mantas_em_dutos_industriais\"><\/span><strong><strong>Por que a fita adesiva n\u00e3o fixa mantas em dutos industriais<\/strong><\/strong><span class=\"ez-toc-section-end\"><\/span><\/h2>\n\n\n\n<p>A fita aluminizada adesiva serve para fechar emendas e melhorar o acabamento visual, mas falha como fixador estrutural. Seu mecanismo de ades\u00e3o \u00e9 baseado em cola. <\/p>\n\n\n\n<p>Em ambientes industriais, o calor resseca esse adesivo, a vibra\u00e7\u00e3o causada por motores e fluxo de ar desloca a fita gradualmente, e as intemp\u00e9ries aceleram a degrada\u00e7\u00e3o da cola. O resultado \u00e9 isolamento se soltando, perda de performance e retrabalho constante.<\/p>\n\n\n\n<p>Por isso, boas pr\u00e1ticas recomendam a fixa\u00e7\u00e3o mec\u00e2nica com cintas met\u00e1licas \u2014 exatamente o que se v\u00ea em instala\u00e7\u00f5es de refer\u00eancia ao redor do mundo.<\/p>\n\n\n\n<h2 class=\"wp-block-heading\"><span class=\"ez-toc-section\" id=\"A_solucao_completa_de_fixacao_da_VIFER\"><\/span><strong><strong>A solu\u00e7\u00e3o completa de fixa\u00e7\u00e3o da VIFER<\/strong><\/strong><span class=\"ez-toc-section-end\"><\/span><\/h2>\n\n\n\n<p>A VIFER oferece um sistema completo e integrado de fixa\u00e7\u00e3o para isolantes t\u00e9rmicos. A fita de alum\u00ednio para arqueamento \u00e9 leve, resistente \u00e0 corros\u00e3o, suporta temperaturas elevadas e acompanha facilmente curvas e varia\u00e7\u00f5es geom\u00e9tricas do duto.<\/p>\n\n\n\n<p>O Tensionador VR (Volume Redondo) \u00e9 a ferramenta que aplica a tens\u00e3o necess\u00e1ria para manter a fita firmemente posicionada, sem deformar o isolante. J\u00e1 o Selo VR, fabricado pela pr\u00f3pria VIFER, realiza o travamento final da cinta. Ele \u00e9 fechado com martelo, dispensando selador e garantindo um fechamento confi\u00e1vel.<\/p>\n\n\n\n<p>O conjunto forma um sistema robusto, simples de aplicar e com desempenho comprovado.<\/p>\n\n\n\n<ul class=\"wp-block-list\">\n<li><a href=\"https:\/\/www.vifer.com.br\/blog\/onde-comprar-selo-metalico-para-fita-de-arquear-conheca-a-vifer\/\">Onde comprar selo met\u00e1lico para fita de arquear? Conhe\u00e7a a Vifer<\/a><\/li>\n<\/ul>\n\n\n\n<h2 class=\"wp-block-heading\"><span class=\"ez-toc-section\" id=\"Como_funciona_a_aplicacao_na_pratica\"><\/span><strong><strong>Como funciona a aplica\u00e7\u00e3o na pr\u00e1tica<\/strong><\/strong><span class=\"ez-toc-section-end\"><\/span><\/h2>\n\n\n\n<p>O processo ocorre de maneira direta. O isolante \u00e9 colocado em torno do duto, e, quando previsto, o jacketing met\u00e1lico \u00e9 instalado sobre ele. Em seguida, a fita de alum\u00ednio \u00e9 passada ao redor do conjunto e tensionada com o Tensionador VR at\u00e9 atingir a firmeza ideal. Por fim, o selo \u00e9 fechado, travando a fita.<\/p>\n\n\n\n<p>\u00c9 exatamente o padr\u00e3o utilizado em instala\u00e7\u00f5es de isolamento industrial de alta exig\u00eancia, nacionais e internacionais.<\/p>\n\n\n\n<h2 class=\"wp-block-heading\"><span class=\"ez-toc-section\" id=\"Quais_sao_as_opcoes_do_mercado_%E2%80%94_e_qual_delas_funciona_de_fato\"><\/span><strong><strong>Quais s\u00e3o as op\u00e7\u00f5es do mercado \u2014 e qual delas funciona de fato<\/strong><\/strong><span class=\"ez-toc-section-end\"><\/span><\/h2>\n\n\n\n<p>Existem tr\u00eas caminhos principais ao buscar solu\u00e7\u00f5es de fixa\u00e7\u00e3o.<\/p>\n\n\n\n<p>A fita aluminizada adesiva funciona bem para acabamento, mas n\u00e3o serve para fixa\u00e7\u00e3o estrutural.<\/p>\n\n\n\n<p>Abra\u00e7adeiras met\u00e1licas s\u00e3o boas op\u00e7\u00f5es para pequenos di\u00e2metros e pontos espec\u00edficos, mas n\u00e3o s\u00e3o pr\u00e1ticas para grandes trechos ou di\u00e2metros elevados.<\/p>\n\n\n\n<p>A fita de alum\u00ednio para arqueamento, por sua vez, \u00e9 a solu\u00e7\u00e3o mec\u00e2nica adotada mundialmente em dutos industriais, oferecendo fixa\u00e7\u00e3o real, durabilidade e desempenho em diferentes cen\u00e1rios \u2014 internos ou externos, com manta aparente ou com jacketing met\u00e1lico.<\/p>\n\n\n\n<h2 class=\"wp-block-heading\"><span class=\"ez-toc-section\" id=\"Por_que_o_sistema_da_VIFER_funciona_tao_bem\"><\/span><strong><strong>Por que o sistema da VIFER funciona t\u00e3o bem<\/strong><\/strong><span class=\"ez-toc-section-end\"><\/span><\/h2>\n\n\n\n<p>A fixa\u00e7\u00e3o mec\u00e2nica oferecida pela VIFER se destaca pela resist\u00eancia \u00e0 vibra\u00e7\u00e3o, estabilidade t\u00e9rmica, durabilidade e compatibilidade com diferentes tipos de isolantes. A instala\u00e7\u00e3o \u00e9 padronizada, r\u00e1pida e reduz significativamente a necessidade de manuten\u00e7\u00e3o, o que, por sua vez, diminui custos ao longo de todo o ciclo de vida da instala\u00e7\u00e3o.<\/p>\n\n\n\n<p>N\u00e3o se trata apenas de fixar: trata-se de garantir que o isolamento permane\u00e7a \u00edntegro e eficiente.<\/p>\n\n\n\n<ul class=\"wp-block-list\">\n<li><a href=\"https:\/\/www.vifer.com.br\/blog\/ferramentas-manuais-para-fitas-de-aco-precisao-mobilidade-e-seguranca-na-arqueacao-industrial\/\"><strong>Ferramentas manuais para fitas de a\u00e7o: precis\u00e3o, mobilidade e seguran\u00e7a na arquea\u00e7\u00e3o industrial<\/strong><\/a><\/li>\n<\/ul>\n\n\n\n<h2 class=\"wp-block-heading\"><span class=\"ez-toc-section\" id=\"Um_cenario_real_que_a_solucao_resolve\"><\/span><strong>Um cen\u00e1rio real que a solu\u00e7\u00e3o resolve<\/strong><span class=\"ez-toc-section-end\"><\/span><\/h2>\n\n\n\n<p>Em dutos instalados em \u00e1reas externas \u2014 como lajes expostas \u2014 o isolamento enfrenta um ambiente hostil: sol, chuva, vento, varia\u00e7\u00e3o t\u00e9rmica constante e vibra\u00e7\u00e3o do sistema. <\/p>\n\n\n\n<p>Nessas condi\u00e7\u00f5es, a fita adesiva se solta rapidamente. J\u00e1 a fixa\u00e7\u00e3o por fitas de aluminio mant\u00e9m o isolamento firme por longos per\u00edodos, mesmo nas condi\u00e7\u00f5es mais agressivas.<\/p>\n\n\n\n<p>\u00c9 exatamente esse tipo de confiabilidade que instaladores e engenheiros buscam \u2014 e \u00e9 isso que o sistema VIFER entrega.<\/p>\n\n\n\n<h2 class=\"wp-block-heading\"><span class=\"ez-toc-section\" id=\"A_VIFER_como_referencia_nacional_em_arqueacao_e_isolamento\"><\/span><strong>A VIFER como refer\u00eancia nacional em arquea\u00e7\u00e3o e isolamento<\/strong><span class=\"ez-toc-section-end\"><\/span><\/h2>\n\n\n\n<p>Desde 1988, a VIFER fornece solu\u00e7\u00f5es para ind\u00fastrias de todo o Brasil. Somos fabricantes nacionais de selos met\u00e1licos e temos fitas para arquea\u00e7\u00e3o, tensionadores e acess\u00f3rios de fechamento de embalagens. <\/p>\n\n\n\n<p>A empresa possui certifica\u00e7\u00e3o ISO 9001:2015, \u00e9 a \u00fanica fabricante brasileira de selos em pente e tamb\u00e9m produz selos USLM utilizados em opera\u00e7\u00f5es portu\u00e1rias \u2014 aplica\u00e7\u00f5es de extrema exig\u00eancia.<\/p>\n\n\n\n<p>Essa qualidade tamb\u00e9m \u00e9 presente na fita de alum\u00ednio para arqueamento e nos Selos VR, aplicados em isolamentos t\u00e9rmico industrial.<\/p>\n\n\n\n<h2 class=\"wp-block-heading\"><span class=\"ez-toc-section\" id=\"Conclusao_quando_o_isolamento_nao_pode_falhar\"><\/span><strong>Conclus\u00e3o: quando o isolamento n\u00e3o pode falhar<\/strong><span class=\"ez-toc-section-end\"><\/span><\/h2>\n\n\n\n<p>Se o objetivo \u00e9 garantir que o isolamento t\u00e9rmico permane\u00e7a firme, eficiente e duradouro, o caminho seguro \u00e9 a fixa\u00e7\u00e3o \u00e9 com a fita de alum\u00ednio, o tensionador VR e o selo VR.<\/p>\n\n\n\n<p>\u00c9 simples. \u00c9 robusto. \u00c9 t\u00e9cnico. \u00c9 confi\u00e1vel.<\/p>\n\n\n\n<p>Quando o isolamento n\u00e3o pode falhar, a VIFER entrega a solu\u00e7\u00e3o que permanece.<br>Entre em contato com nossa equipe e saiba como aplicar esse sistema no seu projeto.<\/p>\n","protected":false},"excerpt":{"rendered":"<p><span class=\"span-reading-time rt-reading-time\" style=\"display: block;\"><span class=\"rt-label rt-prefix\">Reading Time: <\/span> <span class=\"rt-time\"> 4<\/span> <span class=\"rt-label rt-postfix\">minutes<\/span><\/span>Entenda por que a fixa\u00e7\u00e3o mec\u00e2nica com fita de alum\u00ednio \u00e9 o m\u00e9todo mais seguro e dur\u00e1vel para prender mantas t\u00e9rmicas e jacketing em dutos industriais \u2014 e como a VIFER oferece a solu\u00e7\u00e3o completa para esse tipo de aplica\u00e7\u00e3o&#8230;.<\/p>\n","protected":false},"author":1,"featured_media":126,"comment_status":"open","ping_status":"open","sticky":false,"template":"","format":"standard","meta":{"footnotes":""},"categories":[602],"tags":[623,622,657,658,653,654,655,606,616,614,612,613,615,629,607,608,631,630,604,632,628,605,620,619,627,603,662,666,641,640,639,642,651,646,648,644,643,633,665,647,649,672,650,671,634,664,645,673,652,638,637,635,636,670,669,661,667,663,668,621,618,617,625,611,624,656,610,609,660,659,626],"class_list":["post-125","post","type-post","status-publish","format-standard","has-post-thumbnail","hentry","category-isolamento-termico","tag-como-a-fita-de-aluminio-melhora-o-desempenho-do-isolamento-termico","tag-como-escolher-o-fornecedor-ideal-de-fita-de-aluminio-para-isolamento-termico","tag-distribuidor-de-fita-de-aluminio-para-isolamento-termico","tag-distribuidora-de-fita-de-aluminio-para-isolamento-termico","tag-empresa-de-fita-de-aluminio-para-isolamento-termico","tag-fabrica-de-fita-de-aluminio-para-isolamento-termico","tag-fabricante-de-fita-de-aluminio-para-isolamento-termico","tag-fita-aluminizada","tag-fita-aluminizada-com-liner","tag-fita-aluminizada-para-construcao-civil","tag-fita-aluminizada-para-dutos","tag-fita-aluminizada-para-refrigeracao","tag-fita-aluminizada-reforcada","tag-fita-aluminizada-resistente-a-umidade","tag-fita-de-aluminio-adesiva","tag-fita-de-aluminio-alta-temperatura","tag-fita-de-aluminio-duravel","tag-fita-de-aluminio-flexivel","tag-fita-de-aluminio-industrial","tag-fita-de-aluminio-osasco-sp","tag-fita-de-aluminio-para-arqueacao-de-cargas","tag-fita-de-aluminio-para-arqueamento","tag-fita-de-aluminio-para-caldeiras","tag-fita-de-aluminio-para-dutos-de-ar-condicionado","tag-fita-de-aluminio-para-embalagens","tag-fita-de-aluminio-para-isolamento-termico","tag-fita-de-aluminio-para-isolamento-termico-comprar","tag-fita-de-aluminio-para-isolamento-termico-direto-da-fabrica","tag-fita-de-aluminio-para-isolamento-termico-em-alphaville","tag-fita-de-aluminio-para-isolamento-termico-em-barueri","tag-fita-de-aluminio-para-isolamento-termico-em-carapicuiba","tag-fita-de-aluminio-para-isolamento-termico-em-cotia","tag-fita-de-aluminio-para-isolamento-termico-em-diadema","tag-fita-de-aluminio-para-isolamento-termico-em-embu-das-artes","tag-fita-de-aluminio-para-isolamento-termico-em-guarulhos","tag-fita-de-aluminio-para-isolamento-termico-em-itapevi","tag-fita-de-aluminio-para-isolamento-termico-em-jandira","tag-fita-de-aluminio-para-isolamento-termico-em-osasco","tag-fita-de-aluminio-para-isolamento-termico-em-promocao","tag-fita-de-aluminio-para-isolamento-termico-em-santana-de-parnaiba","tag-fita-de-aluminio-para-isolamento-termico-em-santo-andre","tag-fita-de-aluminio-para-isolamento-termico-em-sao-bernardo","tag-fita-de-aluminio-para-isolamento-termico-em-sao-bernardo-do-campo","tag-fita-de-aluminio-para-isolamento-termico-em-sao-caetano","tag-fita-de-aluminio-para-isolamento-termico-em-sao-paulo","tag-fita-de-aluminio-para-isolamento-termico-em-sp","tag-fita-de-aluminio-para-isolamento-termico-em-taboao-da-serra","tag-fita-de-aluminio-para-isolamento-termico-na-baixada-santista","tag-fita-de-aluminio-para-isolamento-termico-na-grande-sao-paulo","tag-fita-de-aluminio-para-isolamento-termico-na-zona-leste","tag-fita-de-aluminio-para-isolamento-termico-na-zona-norte","tag-fita-de-aluminio-para-isolamento-termico-na-zona-oeste","tag-fita-de-aluminio-para-isolamento-termico-na-zona-sul","tag-fita-de-aluminio-para-isolamento-termico-no-abc","tag-fita-de-aluminio-para-isolamento-termico-no-centro","tag-fita-de-aluminio-para-isolamento-termico-onde-encontrar","tag-fita-de-aluminio-para-isolamento-termico-perto-de-mim","tag-fita-de-aluminio-para-isolamento-termico-preco","tag-fita-de-aluminio-para-isolamento-termico-proximo-a-mim","tag-fita-de-aluminio-para-manutencao-industrial","tag-fita-de-aluminio-para-vedacao","tag-fita-de-aluminio-resistente-ao-calor","tag-fita-de-aluminio-vifer","tag-fita-refletiva-termica","tag-fornecedor-de-fita-de-aluminio","tag-fornecedor-de-fita-de-aluminio-para-isolamento-termico","tag-isolamento-termico-automotivo","tag-isolamento-termico-industrial","tag-loja-de-fita-de-aluminio-para-isolamento-termico","tag-revendedor-de-fita-de-aluminio-para-isolamento-termico","tag-vifer-fitas-de-aluminio"],"yoast_head":"<!-- This site is optimized with the Yoast SEO plugin v27.2 - https:\/\/yoast.com\/product\/yoast-seo-wordpress\/ -->\n<title>Fita de alum\u00ednio para isolamento t\u00e9rmico: como funciona e quando usar - Blog<\/title>\n<meta name=\"description\" content=\"Entenda por que a fixa\u00e7\u00e3o mec\u00e2nica com fita de alum\u00ednio \u00e9 o m\u00e9todo mais seguro e dur\u00e1vel para prender mantas t\u00e9rmicas e jacketing em dutos industriais \u2014 e como a VIFER oferece a solu\u00e7\u00e3o completa para esse tipo de aplica\u00e7\u00e3o.\" \/>\n<meta name=\"robots\" content=\"index, follow, max-snippet:-1, max-image-preview:large, max-video-preview:-1\" \/>\n<link rel=\"canonical\" href=\"https:\/\/www.vifer.com.br\/blog\/fita-de-aluminio-para-isolamento-termico-como-funciona-e-quando-usar\/\" \/>\n<meta property=\"og:locale\" content=\"pt_BR\" \/>\n<meta property=\"og:type\" content=\"article\" \/>\n<meta property=\"og:title\" content=\"Fita de alum\u00ednio para isolamento t\u00e9rmico: como funciona e quando usar - Blog\" \/>\n<meta property=\"og:description\" content=\"Entenda por que a fixa\u00e7\u00e3o mec\u00e2nica com fita de alum\u00ednio \u00e9 o m\u00e9todo mais seguro e dur\u00e1vel para prender mantas t\u00e9rmicas e jacketing em dutos industriais \u2014 e como a VIFER oferece a solu\u00e7\u00e3o completa para esse tipo de aplica\u00e7\u00e3o.\" \/>\n<meta property=\"og:url\" content=\"https:\/\/www.vifer.com.br\/blog\/fita-de-aluminio-para-isolamento-termico-como-funciona-e-quando-usar\/\" \/>\n<meta property=\"og:site_name\" content=\"Blog\" \/>\n<meta property=\"article:published_time\" content=\"2025-12-03T19:54:57+00:00\" \/>\n<meta property=\"article:modified_time\" content=\"2025-12-03T20:06:37+00:00\" \/>\n<meta property=\"og:image\" content=\"https:\/\/www.vifer.com.br\/blog\/wp-content\/uploads\/2025\/12\/fita-aluminio.webp\" \/>\n\t<meta property=\"og:image:width\" content=\"500\" \/>\n\t<meta property=\"og:image:height\" content=\"500\" \/>\n\t<meta property=\"og:image:type\" content=\"image\/webp\" \/>\n<meta name=\"author\" content=\"admin\" \/>\n<meta name=\"twitter:card\" content=\"summary_large_image\" \/>\n<meta name=\"twitter:label1\" content=\"Escrito por\" \/>\n\t<meta name=\"twitter:data1\" content=\"admin\" \/>\n\t<meta name=\"twitter:label2\" content=\"Est. tempo de leitura\" \/>\n\t<meta name=\"twitter:data2\" content=\"6 minutos\" \/>\n<script type=\"application\/ld+json\" class=\"yoast-schema-graph\">{\"@context\":\"https:\/\/schema.org\",\"@graph\":[{\"@type\":\"Article\",\"@id\":\"https:\/\/www.vifer.com.br\/blog\/fita-de-aluminio-para-isolamento-termico-como-funciona-e-quando-usar\/#article\",\"isPartOf\":{\"@id\":\"https:\/\/www.vifer.com.br\/blog\/fita-de-aluminio-para-isolamento-termico-como-funciona-e-quando-usar\/\"},\"author\":{\"name\":\"admin\",\"@id\":\"https:\/\/www.vifer.com.br\/blog\/#\/schema\/person\/6489170de14f813ad9137558cf6f83b9\"},\"headline\":\"Fita de alum\u00ednio para isolamento t\u00e9rmico: como funciona e quando usar\",\"datePublished\":\"2025-12-03T19:54:57+00:00\",\"dateModified\":\"2025-12-03T20:06:37+00:00\",\"mainEntityOfPage\":{\"@id\":\"https:\/\/www.vifer.com.br\/blog\/fita-de-aluminio-para-isolamento-termico-como-funciona-e-quando-usar\/\"},\"wordCount\":1081,\"commentCount\":0,\"publisher\":{\"@id\":\"https:\/\/www.vifer.com.br\/blog\/#organization\"},\"image\":{\"@id\":\"https:\/\/www.vifer.com.br\/blog\/fita-de-aluminio-para-isolamento-termico-como-funciona-e-quando-usar\/#primaryimage\"},\"thumbnailUrl\":\"https:\/\/www.vifer.com.br\/blog\/wp-content\/uploads\/2025\/12\/fita-aluminio.webp\",\"keywords\":[\"como a fita de alum\u00ednio melhora o desempenho do isolamento t\u00e9rmico\",\"como escolher o fornecedor ideal de fita de alum\u00ednio para isolamento t\u00e9rmico\",\"distribuidor de fita de alum\u00ednio para isolamento t\u00e9rmico\",\"distribuidora de fita de alum\u00ednio para isolamento t\u00e9rmico\",\"empresa de fita de alum\u00ednio para isolamento t\u00e9rmico\",\"f\u00e1brica de fita de alum\u00ednio para isolamento t\u00e9rmico\",\"fabricante de fita de alum\u00ednio para isolamento t\u00e9rmico\",\"fita aluminizada\",\"fita aluminizada com liner\",\"fita aluminizada para constru\u00e7\u00e3o civil\",\"fita aluminizada para dutos\",\"fita aluminizada para refrigera\u00e7\u00e3o\",\"fita aluminizada refor\u00e7ada\",\"fita aluminizada resistente \u00e0 umidade\",\"fita de alum\u00ednio adesiva\",\"fita de alum\u00ednio alta temperatura\",\"fita de alum\u00ednio dur\u00e1vel\",\"fita de alum\u00ednio flex\u00edvel\",\"fita de alum\u00ednio industrial\",\"fita de alum\u00ednio Osasco SP\",\"fita de alum\u00ednio para arquea\u00e7\u00e3o de cargas\",\"fita de alum\u00ednio para arqueamento\",\"fita de alum\u00ednio para caldeiras\",\"fita de alum\u00ednio para dutos de ar condicionado\",\"fita de alum\u00ednio para embalagens\",\"fita de alum\u00ednio para isolamento t\u00e9rmico\",\"fita de alum\u00ednio para isolamento t\u00e9rmico comprar\",\"fita de alum\u00ednio para isolamento t\u00e9rmico direto da f\u00e1brica\",\"fita de alum\u00ednio para isolamento t\u00e9rmico em Alphaville\",\"fita de alum\u00ednio para isolamento t\u00e9rmico em Barueri\",\"fita de alum\u00ednio para isolamento t\u00e9rmico em Carapicu\u00edba\",\"fita de alum\u00ednio para isolamento t\u00e9rmico em Cotia\",\"fita de alum\u00ednio para isolamento t\u00e9rmico em Diadema\",\"fita de alum\u00ednio para isolamento t\u00e9rmico em Embu das Artes\",\"fita de alum\u00ednio para isolamento t\u00e9rmico em Guarulhos\",\"fita de alum\u00ednio para isolamento t\u00e9rmico em Itapevi\",\"fita de alum\u00ednio para isolamento t\u00e9rmico em Jandira\",\"fita de alum\u00ednio para isolamento t\u00e9rmico em Osasco\",\"fita de alum\u00ednio para isolamento t\u00e9rmico em promo\u00e7\u00e3o\",\"fita de alum\u00ednio para isolamento t\u00e9rmico em Santana de Parna\u00edba\",\"fita de alum\u00ednio para isolamento t\u00e9rmico em Santo Andr\u00e9\",\"fita de alum\u00ednio para isolamento t\u00e9rmico em S\u00e3o Bernardo\",\"fita de alum\u00ednio para isolamento t\u00e9rmico em S\u00e3o Bernardo do Campo\",\"fita de alum\u00ednio para isolamento t\u00e9rmico em S\u00e3o Caetano\",\"fita de alum\u00ednio para isolamento t\u00e9rmico em S\u00e3o Paulo\",\"fita de alum\u00ednio para isolamento t\u00e9rmico em sp\",\"fita de alum\u00ednio para isolamento t\u00e9rmico em Tabo\u00e3o da Serra\",\"fita de alum\u00ednio para isolamento t\u00e9rmico na baixada santista\",\"fita de alum\u00ednio para isolamento t\u00e9rmico na Grande S\u00e3o Paulo\",\"fita de alum\u00ednio para isolamento t\u00e9rmico na zona leste\",\"fita de alum\u00ednio para isolamento t\u00e9rmico na zona norte\",\"fita de alum\u00ednio para isolamento t\u00e9rmico na zona oeste\",\"fita de alum\u00ednio para isolamento t\u00e9rmico na zona sul\",\"fita de alum\u00ednio para isolamento t\u00e9rmico no ABC\",\"fita de alum\u00ednio para isolamento t\u00e9rmico no centro\",\"fita de alum\u00ednio para isolamento t\u00e9rmico onde encontrar\",\"fita de alum\u00ednio para isolamento t\u00e9rmico perto de mim\",\"fita de alum\u00ednio para isolamento t\u00e9rmico pre\u00e7o\",\"fita de alum\u00ednio para isolamento t\u00e9rmico pr\u00f3ximo a mim\",\"fita de alum\u00ednio para manuten\u00e7\u00e3o industrial\",\"fita de alum\u00ednio para veda\u00e7\u00e3o\",\"fita de alum\u00ednio resistente ao calor\",\"fita de alum\u00ednio Vifer\",\"fita refletiva t\u00e9rmica\",\"fornecedor de fita de alum\u00ednio\",\"fornecedor de fita de alum\u00ednio para isolamento t\u00e9rmico\",\"isolamento t\u00e9rmico automotivo\",\"isolamento t\u00e9rmico industrial\",\"loja de fita de alum\u00ednio para isolamento t\u00e9rmico\",\"revendedor de fita de alum\u00ednio para isolamento t\u00e9rmico\",\"Vifer fitas de alum\u00ednio\"],\"articleSection\":[\"Isolamento T\u00e9rmico\"],\"inLanguage\":\"pt-BR\",\"potentialAction\":[{\"@type\":\"CommentAction\",\"name\":\"Comment\",\"target\":[\"https:\/\/www.vifer.com.br\/blog\/fita-de-aluminio-para-isolamento-termico-como-funciona-e-quando-usar\/#respond\"]}]},{\"@type\":\"WebPage\",\"@id\":\"https:\/\/www.vifer.com.br\/blog\/fita-de-aluminio-para-isolamento-termico-como-funciona-e-quando-usar\/\",\"url\":\"https:\/\/www.vifer.com.br\/blog\/fita-de-aluminio-para-isolamento-termico-como-funciona-e-quando-usar\/\",\"name\":\"Fita de alum\u00ednio para isolamento t\u00e9rmico: como funciona e quando usar - Blog\",\"isPartOf\":{\"@id\":\"https:\/\/www.vifer.com.br\/blog\/#website\"},\"primaryImageOfPage\":{\"@id\":\"https:\/\/www.vifer.com.br\/blog\/fita-de-aluminio-para-isolamento-termico-como-funciona-e-quando-usar\/#primaryimage\"},\"image\":{\"@id\":\"https:\/\/www.vifer.com.br\/blog\/fita-de-aluminio-para-isolamento-termico-como-funciona-e-quando-usar\/#primaryimage\"},\"thumbnailUrl\":\"https:\/\/www.vifer.com.br\/blog\/wp-content\/uploads\/2025\/12\/fita-aluminio.webp\",\"datePublished\":\"2025-12-03T19:54:57+00:00\",\"dateModified\":\"2025-12-03T20:06:37+00:00\",\"description\":\"Entenda por que a fixa\u00e7\u00e3o mec\u00e2nica com fita de alum\u00ednio \u00e9 o m\u00e9todo mais seguro e dur\u00e1vel para prender mantas t\u00e9rmicas e jacketing em dutos industriais \u2014 e como a VIFER oferece a solu\u00e7\u00e3o completa para esse tipo de aplica\u00e7\u00e3o.\",\"breadcrumb\":{\"@id\":\"https:\/\/www.vifer.com.br\/blog\/fita-de-aluminio-para-isolamento-termico-como-funciona-e-quando-usar\/#breadcrumb\"},\"inLanguage\":\"pt-BR\",\"potentialAction\":[{\"@type\":\"ReadAction\",\"target\":[\"https:\/\/www.vifer.com.br\/blog\/fita-de-aluminio-para-isolamento-termico-como-funciona-e-quando-usar\/\"]}]},{\"@type\":\"ImageObject\",\"inLanguage\":\"pt-BR\",\"@id\":\"https:\/\/www.vifer.com.br\/blog\/fita-de-aluminio-para-isolamento-termico-como-funciona-e-quando-usar\/#primaryimage\",\"url\":\"https:\/\/www.vifer.com.br\/blog\/wp-content\/uploads\/2025\/12\/fita-aluminio.webp\",\"contentUrl\":\"https:\/\/www.vifer.com.br\/blog\/wp-content\/uploads\/2025\/12\/fita-aluminio.webp\",\"width\":500,\"height\":500,\"caption\":\"Fita de alum\u00ednio para isolamento t\u00e9rmico: como funciona e quando usar\"},{\"@type\":\"BreadcrumbList\",\"@id\":\"https:\/\/www.vifer.com.br\/blog\/fita-de-aluminio-para-isolamento-termico-como-funciona-e-quando-usar\/#breadcrumb\",\"itemListElement\":[{\"@type\":\"ListItem\",\"position\":1,\"name\":\"In\u00edcio\",\"item\":\"https:\/\/www.vifer.com.br\/blog\/\"},{\"@type\":\"ListItem\",\"position\":2,\"name\":\"Fita de alum\u00ednio para isolamento t\u00e9rmico: como funciona e quando usar\"}]},{\"@type\":\"WebSite\",\"@id\":\"https:\/\/www.vifer.com.br\/blog\/#website\",\"url\":\"https:\/\/www.vifer.com.br\/blog\/\",\"name\":\"Blog\",\"description\":\"\",\"publisher\":{\"@id\":\"https:\/\/www.vifer.com.br\/blog\/#organization\"},\"potentialAction\":[{\"@type\":\"SearchAction\",\"target\":{\"@type\":\"EntryPoint\",\"urlTemplate\":\"https:\/\/www.vifer.com.br\/blog\/?s={search_term_string}\"},\"query-input\":{\"@type\":\"PropertyValueSpecification\",\"valueRequired\":true,\"valueName\":\"search_term_string\"}}],\"inLanguage\":\"pt-BR\"},{\"@type\":\"Organization\",\"@id\":\"https:\/\/www.vifer.com.br\/blog\/#organization\",\"name\":\"Blog\",\"url\":\"https:\/\/www.vifer.com.br\/blog\/\",\"logo\":{\"@type\":\"ImageObject\",\"inLanguage\":\"pt-BR\",\"@id\":\"https:\/\/www.vifer.com.br\/blog\/#\/schema\/logo\/image\/\",\"url\":\"https:\/\/www.vifer.com.br\/blog\/wp-content\/uploads\/2025\/05\/logo.webp\",\"contentUrl\":\"https:\/\/www.vifer.com.br\/blog\/wp-content\/uploads\/2025\/05\/logo.webp\",\"width\":212,\"height\":64,\"caption\":\"Blog\"},\"image\":{\"@id\":\"https:\/\/www.vifer.com.br\/blog\/#\/schema\/logo\/image\/\"}},{\"@type\":\"Person\",\"@id\":\"https:\/\/www.vifer.com.br\/blog\/#\/schema\/person\/6489170de14f813ad9137558cf6f83b9\",\"name\":\"admin\",\"image\":{\"@type\":\"ImageObject\",\"inLanguage\":\"pt-BR\",\"@id\":\"https:\/\/secure.gravatar.com\/avatar\/d2abb7e535a7590a6f9b76c75c90ec5441db3a04a205e6d66ecabfb80081f172?s=96&d=mm&r=g\",\"url\":\"https:\/\/secure.gravatar.com\/avatar\/d2abb7e535a7590a6f9b76c75c90ec5441db3a04a205e6d66ecabfb80081f172?s=96&d=mm&r=g\",\"contentUrl\":\"https:\/\/secure.gravatar.com\/avatar\/d2abb7e535a7590a6f9b76c75c90ec5441db3a04a205e6d66ecabfb80081f172?s=96&d=mm&r=g\",\"caption\":\"admin\"},\"sameAs\":[\"http:\/\/www.vifer.com.br\/blog\"],\"url\":\"https:\/\/www.vifer.com.br\/blog\/author\/admin\/\"}]}<\/script>\n<!-- \/ Yoast SEO plugin. -->","yoast_head_json":{"title":"Fita de alum\u00ednio para isolamento t\u00e9rmico: como funciona e quando usar - Blog","description":"Entenda por que a fixa\u00e7\u00e3o mec\u00e2nica com fita de alum\u00ednio \u00e9 o m\u00e9todo mais seguro e dur\u00e1vel para prender mantas t\u00e9rmicas e jacketing em dutos industriais \u2014 e como a VIFER oferece a solu\u00e7\u00e3o completa para esse tipo de aplica\u00e7\u00e3o.","robots":{"index":"index","follow":"follow","max-snippet":"max-snippet:-1","max-image-preview":"max-image-preview:large","max-video-preview":"max-video-preview:-1"},"canonical":"https:\/\/www.vifer.com.br\/blog\/fita-de-aluminio-para-isolamento-termico-como-funciona-e-quando-usar\/","og_locale":"pt_BR","og_type":"article","og_title":"Fita de alum\u00ednio para isolamento t\u00e9rmico: como funciona e quando usar - Blog","og_description":"Entenda por que a fixa\u00e7\u00e3o mec\u00e2nica com fita de alum\u00ednio \u00e9 o m\u00e9todo mais seguro e dur\u00e1vel para prender mantas t\u00e9rmicas e jacketing em dutos industriais \u2014 e como a VIFER oferece a solu\u00e7\u00e3o completa para esse tipo de aplica\u00e7\u00e3o.","og_url":"https:\/\/www.vifer.com.br\/blog\/fita-de-aluminio-para-isolamento-termico-como-funciona-e-quando-usar\/","og_site_name":"Blog","article_published_time":"2025-12-03T19:54:57+00:00","article_modified_time":"2025-12-03T20:06:37+00:00","og_image":[{"width":500,"height":500,"url":"https:\/\/www.vifer.com.br\/blog\/wp-content\/uploads\/2025\/12\/fita-aluminio.webp","type":"image\/webp"}],"author":"admin","twitter_card":"summary_large_image","twitter_misc":{"Escrito por":"admin","Est. tempo de leitura":"6 minutos"},"schema":{"@context":"https:\/\/schema.org","@graph":[{"@type":"Article","@id":"https:\/\/www.vifer.com.br\/blog\/fita-de-aluminio-para-isolamento-termico-como-funciona-e-quando-usar\/#article","isPartOf":{"@id":"https:\/\/www.vifer.com.br\/blog\/fita-de-aluminio-para-isolamento-termico-como-funciona-e-quando-usar\/"},"author":{"name":"admin","@id":"https:\/\/www.vifer.com.br\/blog\/#\/schema\/person\/6489170de14f813ad9137558cf6f83b9"},"headline":"Fita de alum\u00ednio para isolamento t\u00e9rmico: como funciona e quando usar","datePublished":"2025-12-03T19:54:57+00:00","dateModified":"2025-12-03T20:06:37+00:00","mainEntityOfPage":{"@id":"https:\/\/www.vifer.com.br\/blog\/fita-de-aluminio-para-isolamento-termico-como-funciona-e-quando-usar\/"},"wordCount":1081,"commentCount":0,"publisher":{"@id":"https:\/\/www.vifer.com.br\/blog\/#organization"},"image":{"@id":"https:\/\/www.vifer.com.br\/blog\/fita-de-aluminio-para-isolamento-termico-como-funciona-e-quando-usar\/#primaryimage"},"thumbnailUrl":"https:\/\/www.vifer.com.br\/blog\/wp-content\/uploads\/2025\/12\/fita-aluminio.webp","keywords":["como a fita de alum\u00ednio melhora o desempenho do isolamento t\u00e9rmico","como escolher o fornecedor ideal de fita de alum\u00ednio para isolamento t\u00e9rmico","distribuidor de fita de alum\u00ednio para isolamento t\u00e9rmico","distribuidora de fita de alum\u00ednio para isolamento t\u00e9rmico","empresa de fita de alum\u00ednio para isolamento t\u00e9rmico","f\u00e1brica de fita de alum\u00ednio para isolamento t\u00e9rmico","fabricante de fita de alum\u00ednio para isolamento t\u00e9rmico","fita aluminizada","fita aluminizada com liner","fita aluminizada para constru\u00e7\u00e3o civil","fita aluminizada para dutos","fita aluminizada para refrigera\u00e7\u00e3o","fita aluminizada refor\u00e7ada","fita aluminizada resistente \u00e0 umidade","fita de alum\u00ednio adesiva","fita de alum\u00ednio alta temperatura","fita de alum\u00ednio dur\u00e1vel","fita de alum\u00ednio flex\u00edvel","fita de alum\u00ednio industrial","fita de alum\u00ednio Osasco SP","fita de alum\u00ednio para arquea\u00e7\u00e3o de cargas","fita de alum\u00ednio para arqueamento","fita de alum\u00ednio para caldeiras","fita de alum\u00ednio para dutos de ar condicionado","fita de alum\u00ednio para embalagens","fita de alum\u00ednio para isolamento t\u00e9rmico","fita de alum\u00ednio para isolamento t\u00e9rmico comprar","fita de alum\u00ednio para isolamento t\u00e9rmico direto da f\u00e1brica","fita de alum\u00ednio para isolamento t\u00e9rmico em Alphaville","fita de alum\u00ednio para isolamento t\u00e9rmico em Barueri","fita de alum\u00ednio para isolamento t\u00e9rmico em Carapicu\u00edba","fita de alum\u00ednio para isolamento t\u00e9rmico em Cotia","fita de alum\u00ednio para isolamento t\u00e9rmico em Diadema","fita de alum\u00ednio para isolamento t\u00e9rmico em Embu das Artes","fita de alum\u00ednio para isolamento t\u00e9rmico em Guarulhos","fita de alum\u00ednio para isolamento t\u00e9rmico em Itapevi","fita de alum\u00ednio para isolamento t\u00e9rmico em Jandira","fita de alum\u00ednio para isolamento t\u00e9rmico em Osasco","fita de alum\u00ednio para isolamento t\u00e9rmico em promo\u00e7\u00e3o","fita de alum\u00ednio para isolamento t\u00e9rmico em Santana de Parna\u00edba","fita de alum\u00ednio para isolamento t\u00e9rmico em Santo Andr\u00e9","fita de alum\u00ednio para isolamento t\u00e9rmico em S\u00e3o Bernardo","fita de alum\u00ednio para isolamento t\u00e9rmico em S\u00e3o Bernardo do Campo","fita de alum\u00ednio para isolamento t\u00e9rmico em S\u00e3o Caetano","fita de alum\u00ednio para isolamento t\u00e9rmico em S\u00e3o Paulo","fita de alum\u00ednio para isolamento t\u00e9rmico em sp","fita de alum\u00ednio para isolamento t\u00e9rmico em Tabo\u00e3o da Serra","fita de alum\u00ednio para isolamento t\u00e9rmico na baixada santista","fita de alum\u00ednio para isolamento t\u00e9rmico na Grande S\u00e3o Paulo","fita de alum\u00ednio para isolamento t\u00e9rmico na zona leste","fita de alum\u00ednio para isolamento t\u00e9rmico na zona norte","fita de alum\u00ednio para isolamento t\u00e9rmico na zona oeste","fita de alum\u00ednio para isolamento t\u00e9rmico na zona sul","fita de alum\u00ednio para isolamento t\u00e9rmico no ABC","fita de alum\u00ednio para isolamento t\u00e9rmico no centro","fita de alum\u00ednio para isolamento t\u00e9rmico onde encontrar","fita de alum\u00ednio para isolamento t\u00e9rmico perto de mim","fita de alum\u00ednio para isolamento t\u00e9rmico pre\u00e7o","fita de alum\u00ednio para isolamento t\u00e9rmico pr\u00f3ximo a mim","fita de alum\u00ednio para manuten\u00e7\u00e3o industrial","fita de alum\u00ednio para veda\u00e7\u00e3o","fita de alum\u00ednio resistente ao calor","fita de alum\u00ednio Vifer","fita refletiva t\u00e9rmica","fornecedor de fita de alum\u00ednio","fornecedor de fita de alum\u00ednio para isolamento t\u00e9rmico","isolamento t\u00e9rmico automotivo","isolamento t\u00e9rmico industrial","loja de fita de alum\u00ednio para isolamento t\u00e9rmico","revendedor de fita de alum\u00ednio para isolamento t\u00e9rmico","Vifer fitas de alum\u00ednio"],"articleSection":["Isolamento T\u00e9rmico"],"inLanguage":"pt-BR","potentialAction":[{"@type":"CommentAction","name":"Comment","target":["https:\/\/www.vifer.com.br\/blog\/fita-de-aluminio-para-isolamento-termico-como-funciona-e-quando-usar\/#respond"]}]},{"@type":"WebPage","@id":"https:\/\/www.vifer.com.br\/blog\/fita-de-aluminio-para-isolamento-termico-como-funciona-e-quando-usar\/","url":"https:\/\/www.vifer.com.br\/blog\/fita-de-aluminio-para-isolamento-termico-como-funciona-e-quando-usar\/","name":"Fita de alum\u00ednio para isolamento t\u00e9rmico: como funciona e quando usar - Blog","isPartOf":{"@id":"https:\/\/www.vifer.com.br\/blog\/#website"},"primaryImageOfPage":{"@id":"https:\/\/www.vifer.com.br\/blog\/fita-de-aluminio-para-isolamento-termico-como-funciona-e-quando-usar\/#primaryimage"},"image":{"@id":"https:\/\/www.vifer.com.br\/blog\/fita-de-aluminio-para-isolamento-termico-como-funciona-e-quando-usar\/#primaryimage"},"thumbnailUrl":"https:\/\/www.vifer.com.br\/blog\/wp-content\/uploads\/2025\/12\/fita-aluminio.webp","datePublished":"2025-12-03T19:54:57+00:00","dateModified":"2025-12-03T20:06:37+00:00","description":"Entenda por que a fixa\u00e7\u00e3o mec\u00e2nica com fita de alum\u00ednio \u00e9 o m\u00e9todo mais seguro e dur\u00e1vel para prender mantas t\u00e9rmicas e jacketing em dutos industriais \u2014 e como a VIFER oferece a solu\u00e7\u00e3o completa para esse tipo de aplica\u00e7\u00e3o.","breadcrumb":{"@id":"https:\/\/www.vifer.com.br\/blog\/fita-de-aluminio-para-isolamento-termico-como-funciona-e-quando-usar\/#breadcrumb"},"inLanguage":"pt-BR","potentialAction":[{"@type":"ReadAction","target":["https:\/\/www.vifer.com.br\/blog\/fita-de-aluminio-para-isolamento-termico-como-funciona-e-quando-usar\/"]}]},{"@type":"ImageObject","inLanguage":"pt-BR","@id":"https:\/\/www.vifer.com.br\/blog\/fita-de-aluminio-para-isolamento-termico-como-funciona-e-quando-usar\/#primaryimage","url":"https:\/\/www.vifer.com.br\/blog\/wp-content\/uploads\/2025\/12\/fita-aluminio.webp","contentUrl":"https:\/\/www.vifer.com.br\/blog\/wp-content\/uploads\/2025\/12\/fita-aluminio.webp","width":500,"height":500,"caption":"Fita de alum\u00ednio para isolamento t\u00e9rmico: como funciona e quando usar"},{"@type":"BreadcrumbList","@id":"https:\/\/www.vifer.com.br\/blog\/fita-de-aluminio-para-isolamento-termico-como-funciona-e-quando-usar\/#breadcrumb","itemListElement":[{"@type":"ListItem","position":1,"name":"In\u00edcio","item":"https:\/\/www.vifer.com.br\/blog\/"},{"@type":"ListItem","position":2,"name":"Fita de alum\u00ednio para isolamento t\u00e9rmico: como funciona e quando usar"}]},{"@type":"WebSite","@id":"https:\/\/www.vifer.com.br\/blog\/#website","url":"https:\/\/www.vifer.com.br\/blog\/","name":"Blog","description":"","publisher":{"@id":"https:\/\/www.vifer.com.br\/blog\/#organization"},"potentialAction":[{"@type":"SearchAction","target":{"@type":"EntryPoint","urlTemplate":"https:\/\/www.vifer.com.br\/blog\/?s={search_term_string}"},"query-input":{"@type":"PropertyValueSpecification","valueRequired":true,"valueName":"search_term_string"}}],"inLanguage":"pt-BR"},{"@type":"Organization","@id":"https:\/\/www.vifer.com.br\/blog\/#organization","name":"Blog","url":"https:\/\/www.vifer.com.br\/blog\/","logo":{"@type":"ImageObject","inLanguage":"pt-BR","@id":"https:\/\/www.vifer.com.br\/blog\/#\/schema\/logo\/image\/","url":"https:\/\/www.vifer.com.br\/blog\/wp-content\/uploads\/2025\/05\/logo.webp","contentUrl":"https:\/\/www.vifer.com.br\/blog\/wp-content\/uploads\/2025\/05\/logo.webp","width":212,"height":64,"caption":"Blog"},"image":{"@id":"https:\/\/www.vifer.com.br\/blog\/#\/schema\/logo\/image\/"}},{"@type":"Person","@id":"https:\/\/www.vifer.com.br\/blog\/#\/schema\/person\/6489170de14f813ad9137558cf6f83b9","name":"admin","image":{"@type":"ImageObject","inLanguage":"pt-BR","@id":"https:\/\/secure.gravatar.com\/avatar\/d2abb7e535a7590a6f9b76c75c90ec5441db3a04a205e6d66ecabfb80081f172?s=96&d=mm&r=g","url":"https:\/\/secure.gravatar.com\/avatar\/d2abb7e535a7590a6f9b76c75c90ec5441db3a04a205e6d66ecabfb80081f172?s=96&d=mm&r=g","contentUrl":"https:\/\/secure.gravatar.com\/avatar\/d2abb7e535a7590a6f9b76c75c90ec5441db3a04a205e6d66ecabfb80081f172?s=96&d=mm&r=g","caption":"admin"},"sameAs":["http:\/\/www.vifer.com.br\/blog"],"url":"https:\/\/www.vifer.com.br\/blog\/author\/admin\/"}]}},"_links":{"self":[{"href":"https:\/\/www.vifer.com.br\/blog\/wp-json\/wp\/v2\/posts\/125","targetHints":{"allow":["GET"]}}],"collection":[{"href":"https:\/\/www.vifer.com.br\/blog\/wp-json\/wp\/v2\/posts"}],"about":[{"href":"https:\/\/www.vifer.com.br\/blog\/wp-json\/wp\/v2\/types\/post"}],"author":[{"embeddable":true,"href":"https:\/\/www.vifer.com.br\/blog\/wp-json\/wp\/v2\/users\/1"}],"replies":[{"embeddable":true,"href":"https:\/\/www.vifer.com.br\/blog\/wp-json\/wp\/v2\/comments?post=125"}],"version-history":[{"count":4,"href":"https:\/\/www.vifer.com.br\/blog\/wp-json\/wp\/v2\/posts\/125\/revisions"}],"predecessor-version":[{"id":131,"href":"https:\/\/www.vifer.com.br\/blog\/wp-json\/wp\/v2\/posts\/125\/revisions\/131"}],"wp:featuredmedia":[{"embeddable":true,"href":"https:\/\/www.vifer.com.br\/blog\/wp-json\/wp\/v2\/media\/126"}],"wp:attachment":[{"href":"https:\/\/www.vifer.com.br\/blog\/wp-json\/wp\/v2\/media?parent=125"}],"wp:term":[{"taxonomy":"category","embeddable":true,"href":"https:\/\/www.vifer.com.br\/blog\/wp-json\/wp\/v2\/categories?post=125"},{"taxonomy":"post_tag","embeddable":true,"href":"https:\/\/www.vifer.com.br\/blog\/wp-json\/wp\/v2\/tags?post=125"}],"curies":[{"name":"wp","href":"https:\/\/api.w.org\/{rel}","templated":true}]}}